{"id":1861,"date":"2021-03-03T15:31:20","date_gmt":"2021-03-03T15:31:20","guid":{"rendered":"https:\/\/djgroup.es\/?p=1861"},"modified":"2025-12-02T12:15:43","modified_gmt":"2025-12-02T12:15:43","slug":"reforma-integral-de-la-vivienda","status":"publish","type":"post","link":"https:\/\/djgroup.es\/de\/umfassende-hausrenovierung\/","title":{"rendered":"Umfassende Hausrenovierung in P\u00f3rtico Verd"},"content":{"rendered":"<p>In diesem Projekt <strong>umfassende Hausrenovierung<\/strong>, umfassend sowohl die Innen- als auch die Au\u00dfenr\u00e4ume. Die Intervention umfasste die <strong>komplette Renovierung der Einrichtungen<\/strong> des Hauses und gew\u00e4hrleistet die Einhaltung der aktuellen technischen Standards hinsichtlich Energieeffizienz, Komfort und Sicherheit.<\/p>\n\n\n\n<p>Einer der H\u00f6hepunkte der Reform war die <strong>komplette Renovierung der Badezimmer<\/strong>, die mit einer zeitgem\u00e4\u00dfen \u00c4sthetik, hochwertigen Materialien und detailverliebter Verarbeitung von Grund auf neu gestaltet wurden. <strong>Die Waschbecken wurden nach Ma\u00df aus grauem Zarci-Naturstein gefertigt.<\/strong>, die eine unverwechselbare Note von <strong>Raffinesse, chromatische Harmonie und Haltbarkeit<\/strong> auf den gesamten Raum.<\/p>\n\n\n\n<p>Das gesamte Haus wurde renoviert. <strong>Decken und W\u00e4nde<\/strong>, wobei sowohl auf \u00c4sthetik als auch auf W\u00e4rme- und Schalld\u00e4mmung geachtet wird. Ein modernes <strong>Fu\u00dfbodenheizung<\/strong>, wodurch der thermische Komfort des Hauses effizient optimiert wird. F\u00fcr den Innenboden wurde ein <strong>durchgehende Verkleidung aus Zarci Grey Natural Stone<\/strong>, eine Wahl, die nicht nur Eleganz, sondern auch visuelle Koh\u00e4renz und eine edle und zeitlose Textur bietet.<\/p>\n\n\n\n<p>Was die <strong>Au\u00dfenbereiche<\/strong>, die Reform der <strong>Terrasse an das Wohnzimmer angeschlossen<\/strong> und der <strong>obere Terrasse mit Meerblick<\/strong>In letzterem wurde ein <strong>neue Zugangstreppe<\/strong>, die sich harmonisch in das architektonische Ensemble einf\u00fcgen. Dar\u00fcber hinaus wurden sie platziert <strong>Neubaub\u00e4nke<\/strong> zur Ruhe und Kontemplation der Umgebung, sowie ein neuer B\u00fcrgersteig, auch in <strong>Zarci Grauer Naturstein<\/strong>, was eine \u00e4sthetische und materielle Kontinuit\u00e4t mit der Inneneinrichtung des Hauses erm\u00f6glicht.<\/p>\n\n\n\n<p>Die Verwendung edler und nat\u00fcrlicher Materialien sowie die Liebe zum Detail in jeder Phase des Projekts haben zu einem komplett renovierten Haus gef\u00fchrt, das <strong>Funktionalit\u00e4t, Design und zeitlose Eleganz<\/strong>, die sich perfekt an die Anforderungen des heutigen Lebensstils anpasst.<\/p>\n\n\n\n<figure data-wp-context=\"{&quot;imageId&quot;:&quot;69efc6cd4a005&quot;}\" data-wp-interactive=\"core\/image\" data-wp-key=\"69efc6cd4a005\" class=\"wp-block-image wp-lightbox-container\"><img fetchpriority=\"high\" decoding=\"async\" width=\"683\" height=\"1024\" data-wp-class--hide=\"state.isContentHidden\" data-wp-class--show=\"state.isContentVisible\" data-wp-init=\"callbacks.setButtonStyles\" data-wp-on--click=\"actions.showLightbox\" data-wp-on--load=\"callbacks.setButtonStyles\" data-wp-on-window--resize=\"callbacks.setButtonStyles\" src=\"https:\/\/djgroup.es\/wp-content\/uploads\/2021\/03\/Imagen-de-WhatsApp-2025-07-28-a-las-17.38.56_e06e9003.jpg\" alt=\"\" class=\"wp-image-2304\" srcset=\"https:\/\/djgroup.es\/wp-content\/uploads\/2021\/03\/Imagen-de-WhatsApp-2025-07-28-a-las-17.38.56_e06e9003.jpg 683w, https:\/\/djgroup.es\/wp-content\/uploads\/2021\/03\/Imagen-de-WhatsApp-2025-07-28-a-las-17.38.56_e06e9003-200x300.jpg 200w, https:\/\/djgroup.es\/wp-content\/uploads\/2021\/03\/Imagen-de-WhatsApp-2025-07-28-a-las-17.38.56_e06e9003-8x12.jpg 8w\" sizes=\"(max-width: 683px) 100vw, 683px\" \/><button\n\t\t\tclass=\"lightbox-trigger\"\n\t\t\ttype=\"button\"\n\t\t\taria-haspopup=\"dialog\"\n\t\t\taria-label=\"Vergr\u00f6\u00dfern\"\n\t\t\tdata-wp-init=\"callbacks.initTriggerButton\"\n\t\t\tdata-wp-on--click=\"actions.showLightbox\"\n\t\t\tdata-wp-style--right=\"state.imageButtonRight\"\n\t\t\tdata-wp-style--top=\"state.imageButtonTop\"\n\t\t>\n\t\t\t<svg xmlns=\"http:\/\/www.w3.org\/2000\/svg\" width=\"12\" height=\"12\" fill=\"none\" viewbox=\"0 0 12 12\">\n\t\t\t\t<path fill=\"#fff\" d=\"M2 0a2 2 0 0 0-2 2v2h1.5V2a.5.5 0 0 1 .5-.5h2V0H2Zm2 10.5H2a.5.5 0 0 1-.5-.5V8H0v2a2 2 0 0 0 2 2h2v-1.5ZM8 12v-1.5h2a.5.5 0 0 0 .5-.5V8H12v2a2 2 0 0 1-2 2H8Zm2-12a2 2 0 0 1 2 2v2h-1.5V2a.5.5 0 0 0-.5-.5H8V0h2Z\" \/>\n\t\t\t<\/svg>\n\t\t<\/button><\/figure>\n\n\n\n<figure class=\"wp-block-image\"><a href=\"https:\/\/djgroup.es\/wp-content\/uploads\/2025\/07\/Imagen-de-WhatsApp-2025-07-28-a-las-17.38.56_068d4df7.jpg\"><img decoding=\"async\" width=\"683\" height=\"1024\" src=\"https:\/\/djgroup.es\/wp-content\/uploads\/2021\/03\/Imagen-de-WhatsApp-2025-07-28-a-las-17.38.56_068d4df7.jpg\" alt=\"\" class=\"wp-image-2302\" srcset=\"https:\/\/djgroup.es\/wp-content\/uploads\/2021\/03\/Imagen-de-WhatsApp-2025-07-28-a-las-17.38.56_068d4df7.jpg 683w, https:\/\/djgroup.es\/wp-content\/uploads\/2021\/03\/Imagen-de-WhatsApp-2025-07-28-a-las-17.38.56_068d4df7-200x300.jpg 200w, https:\/\/djgroup.es\/wp-content\/uploads\/2021\/03\/Imagen-de-WhatsApp-2025-07-28-a-las-17.38.56_068d4df7-8x12.jpg 8w\" sizes=\"(max-width: 683px) 100vw, 683px\" \/><\/a><\/figure>\n\n\n\n<figure data-wp-context=\"{&quot;imageId&quot;:&quot;69efc6cd4aaac&quot;}\" data-wp-interactive=\"core\/image\" data-wp-key=\"69efc6cd4aaac\" class=\"wp-block-image wp-lightbox-container\"><img decoding=\"async\" width=\"683\" height=\"1024\" data-wp-class--hide=\"state.isContentHidden\" data-wp-class--show=\"state.isContentVisible\" data-wp-init=\"callbacks.setButtonStyles\" data-wp-on--click=\"actions.showLightbox\" data-wp-on--load=\"callbacks.setButtonStyles\" data-wp-on-window--resize=\"callbacks.setButtonStyles\" src=\"https:\/\/djgroup.es\/wp-content\/uploads\/2021\/03\/Imagen-de-WhatsApp-2025-07-28-a-las-17.38.56_160a7e09.jpg\" alt=\"\" class=\"wp-image-2303\" srcset=\"https:\/\/djgroup.es\/wp-content\/uploads\/2021\/03\/Imagen-de-WhatsApp-2025-07-28-a-las-17.38.56_160a7e09.jpg 683w, https:\/\/djgroup.es\/wp-content\/uploads\/2021\/03\/Imagen-de-WhatsApp-2025-07-28-a-las-17.38.56_160a7e09-200x300.jpg 200w, https:\/\/djgroup.es\/wp-content\/uploads\/2021\/03\/Imagen-de-WhatsApp-2025-07-28-a-las-17.38.56_160a7e09-8x12.jpg 8w\" sizes=\"(max-width: 683px) 100vw, 683px\" \/><button\n\t\t\tclass=\"lightbox-trigger\"\n\t\t\ttype=\"button\"\n\t\t\taria-haspopup=\"dialog\"\n\t\t\taria-label=\"Vergr\u00f6\u00dfern\"\n\t\t\tdata-wp-init=\"callbacks.initTriggerButton\"\n\t\t\tdata-wp-on--click=\"actions.showLightbox\"\n\t\t\tdata-wp-style--right=\"state.imageButtonRight\"\n\t\t\tdata-wp-style--top=\"state.imageButtonTop\"\n\t\t>\n\t\t\t<svg xmlns=\"http:\/\/www.w3.org\/2000\/svg\" width=\"12\" height=\"12\" fill=\"none\" viewbox=\"0 0 12 12\">\n\t\t\t\t<path fill=\"#fff\" d=\"M2 0a2 2 0 0 0-2 2v2h1.5V2a.5.5 0 0 1 .5-.5h2V0H2Zm2 10.5H2a.5.5 0 0 1-.5-.5V8H0v2a2 2 0 0 0 2 2h2v-1.5ZM8 12v-1.5h2a.5.5 0 0 0 .5-.5V8H12v2a2 2 0 0 1-2 2H8Zm2-12a2 2 0 0 1 2 2v2h-1.5V2a.5.5 0 0 0-.5-.5H8V0h2Z\" \/>\n\t\t\t<\/svg>\n\t\t<\/button><\/figure>\n\n\n\n<figure class=\"wp-block-image\"><img loading=\"lazy\" decoding=\"async\" width=\"683\" height=\"1024\" src=\"https:\/\/djgroup.es\/wp-content\/uploads\/2021\/03\/Imagen-de-WhatsApp-2025-07-28-a-las-17.38.55_a8c015d3.jpg\" alt=\"\" class=\"wp-image-2306\" srcset=\"https:\/\/djgroup.es\/wp-content\/uploads\/2021\/03\/Imagen-de-WhatsApp-2025-07-28-a-las-17.38.55_a8c015d3.jpg 683w, https:\/\/djgroup.es\/wp-content\/uploads\/2021\/03\/Imagen-de-WhatsApp-2025-07-28-a-las-17.38.55_a8c015d3-200x300.jpg 200w, https:\/\/djgroup.es\/wp-content\/uploads\/2021\/03\/Imagen-de-WhatsApp-2025-07-28-a-las-17.38.55_a8c015d3-8x12.jpg 8w\" sizes=\"(max-width: 683px) 100vw, 683px\" \/><\/figure>\n\n\n\n<figure class=\"wp-block-image\"><img loading=\"lazy\" decoding=\"async\" width=\"683\" height=\"1024\" src=\"https:\/\/djgroup.es\/wp-content\/uploads\/2021\/03\/Imagen-de-WhatsApp-2025-07-28-a-las-17.38.55_830127fe.jpg\" alt=\"\" class=\"wp-image-2305\" srcset=\"https:\/\/djgroup.es\/wp-content\/uploads\/2021\/03\/Imagen-de-WhatsApp-2025-07-28-a-las-17.38.55_830127fe.jpg 683w, https:\/\/djgroup.es\/wp-content\/uploads\/2021\/03\/Imagen-de-WhatsApp-2025-07-28-a-las-17.38.55_830127fe-200x300.jpg 200w, https:\/\/djgroup.es\/wp-content\/uploads\/2021\/03\/Imagen-de-WhatsApp-2025-07-28-a-las-17.38.55_830127fe-8x12.jpg 8w\" sizes=\"(max-width: 683px) 100vw, 683px\" \/><\/figure>\n\n\n\n<figure class=\"wp-block-image\"><img loading=\"lazy\" decoding=\"async\" width=\"683\" height=\"1024\" src=\"https:\/\/djgroup.es\/wp-content\/uploads\/2021\/03\/Imagen-de-WhatsApp-2025-07-28-a-las-17.38.56_303f9d90.jpg\" alt=\"\" class=\"wp-image-2307\" srcset=\"https:\/\/djgroup.es\/wp-content\/uploads\/2021\/03\/Imagen-de-WhatsApp-2025-07-28-a-las-17.38.56_303f9d90.jpg 683w, https:\/\/djgroup.es\/wp-content\/uploads\/2021\/03\/Imagen-de-WhatsApp-2025-07-28-a-las-17.38.56_303f9d90-200x300.jpg 200w, https:\/\/djgroup.es\/wp-content\/uploads\/2021\/03\/Imagen-de-WhatsApp-2025-07-28-a-las-17.38.56_303f9d90-8x12.jpg 8w\" sizes=\"(max-width: 683px) 100vw, 683px\" \/><\/figure>\n\n\n\n<figure class=\"wp-block-image\"><img loading=\"lazy\" decoding=\"async\" width=\"683\" height=\"1024\" src=\"https:\/\/djgroup.es\/wp-content\/uploads\/2021\/03\/Imagen-de-WhatsApp-2025-07-28-a-las-17.38.55_aac4167f.jpg\" alt=\"\" class=\"wp-image-2308\" srcset=\"https:\/\/djgroup.es\/wp-content\/uploads\/2021\/03\/Imagen-de-WhatsApp-2025-07-28-a-las-17.38.55_aac4167f.jpg 683w, https:\/\/djgroup.es\/wp-content\/uploads\/2021\/03\/Imagen-de-WhatsApp-2025-07-28-a-las-17.38.55_aac4167f-200x300.jpg 200w, https:\/\/djgroup.es\/wp-content\/uploads\/2021\/03\/Imagen-de-WhatsApp-2025-07-28-a-las-17.38.55_aac4167f-8x12.jpg 8w\" sizes=\"(max-width: 683px) 100vw, 683px\" \/><\/figure>\n\n\n\n<figure class=\"wp-block-image\"><img loading=\"lazy\" decoding=\"async\" width=\"683\" height=\"1024\" src=\"https:\/\/djgroup.es\/wp-content\/uploads\/2021\/03\/Imagen-de-WhatsApp-2025-07-28-a-las-17.38.55_d70e85c9.jpg\" alt=\"\" class=\"wp-image-2309\" srcset=\"https:\/\/djgroup.es\/wp-content\/uploads\/2021\/03\/Imagen-de-WhatsApp-2025-07-28-a-las-17.38.55_d70e85c9.jpg 683w, https:\/\/djgroup.es\/wp-content\/uploads\/2021\/03\/Imagen-de-WhatsApp-2025-07-28-a-las-17.38.55_d70e85c9-200x300.jpg 200w, https:\/\/djgroup.es\/wp-content\/uploads\/2021\/03\/Imagen-de-WhatsApp-2025-07-28-a-las-17.38.55_d70e85c9-8x12.jpg 8w\" sizes=\"(max-width: 683px) 100vw, 683px\" \/><\/figure>\n\n\n\n<figure class=\"wp-block-image\"><img loading=\"lazy\" decoding=\"async\" width=\"683\" height=\"1024\" src=\"https:\/\/djgroup.es\/wp-content\/uploads\/2021\/03\/Imagen-de-WhatsApp-2025-07-28-a-las-17.38.55_8d3875b4.jpg\" alt=\"\" class=\"wp-image-2311\" srcset=\"https:\/\/djgroup.es\/wp-content\/uploads\/2021\/03\/Imagen-de-WhatsApp-2025-07-28-a-las-17.38.55_8d3875b4.jpg 683w, https:\/\/djgroup.es\/wp-content\/uploads\/2021\/03\/Imagen-de-WhatsApp-2025-07-28-a-las-17.38.55_8d3875b4-200x300.jpg 200w, https:\/\/djgroup.es\/wp-content\/uploads\/2021\/03\/Imagen-de-WhatsApp-2025-07-28-a-las-17.38.55_8d3875b4-8x12.jpg 8w\" sizes=\"(max-width: 683px) 100vw, 683px\" \/><\/figure>\n\n\n\n<figure class=\"wp-block-image\"><img loading=\"lazy\" decoding=\"async\" width=\"683\" height=\"1024\" src=\"https:\/\/djgroup.es\/wp-content\/uploads\/2021\/03\/Imagen-de-WhatsApp-2025-07-28-a-las-17.38.56_05ea0a98.jpg\" alt=\"\" class=\"wp-image-2310\" srcset=\"https:\/\/djgroup.es\/wp-content\/uploads\/2021\/03\/Imagen-de-WhatsApp-2025-07-28-a-las-17.38.56_05ea0a98.jpg 683w, https:\/\/djgroup.es\/wp-content\/uploads\/2021\/03\/Imagen-de-WhatsApp-2025-07-28-a-las-17.38.56_05ea0a98-200x300.jpg 200w, https:\/\/djgroup.es\/wp-content\/uploads\/2021\/03\/Imagen-de-WhatsApp-2025-07-28-a-las-17.38.56_05ea0a98-8x12.jpg 8w\" sizes=\"(max-width: 683px) 100vw, 683px\" \/><\/figure>\n\n\n\n<figure class=\"wp-block-image\"><img loading=\"lazy\" decoding=\"async\" width=\"683\" height=\"1024\" src=\"https:\/\/djgroup.es\/wp-content\/uploads\/2021\/03\/Imagen-de-WhatsApp-2025-07-28-a-las-17.38.56_891921fc.jpg\" alt=\"\" class=\"wp-image-2312\" srcset=\"https:\/\/djgroup.es\/wp-content\/uploads\/2021\/03\/Imagen-de-WhatsApp-2025-07-28-a-las-17.38.56_891921fc.jpg 683w, https:\/\/djgroup.es\/wp-content\/uploads\/2021\/03\/Imagen-de-WhatsApp-2025-07-28-a-las-17.38.56_891921fc-200x300.jpg 200w, https:\/\/djgroup.es\/wp-content\/uploads\/2021\/03\/Imagen-de-WhatsApp-2025-07-28-a-las-17.38.56_891921fc-8x12.jpg 8w\" sizes=\"(max-width: 683px) 100vw, 683px\" \/><\/figure>\n\n\n\n<figure class=\"wp-block-image\"><img loading=\"lazy\" decoding=\"async\" width=\"683\" height=\"1024\" src=\"https:\/\/djgroup.es\/wp-content\/uploads\/2021\/03\/Imagen-de-WhatsApp-2025-07-28-a-las-17.38.56_cef586fa.jpg\" alt=\"\" class=\"wp-image-2315\" srcset=\"https:\/\/djgroup.es\/wp-content\/uploads\/2021\/03\/Imagen-de-WhatsApp-2025-07-28-a-las-17.38.56_cef586fa.jpg 683w, https:\/\/djgroup.es\/wp-content\/uploads\/2021\/03\/Imagen-de-WhatsApp-2025-07-28-a-las-17.38.56_cef586fa-200x300.jpg 200w, https:\/\/djgroup.es\/wp-content\/uploads\/2021\/03\/Imagen-de-WhatsApp-2025-07-28-a-las-17.38.56_cef586fa-8x12.jpg 8w\" sizes=\"(max-width: 683px) 100vw, 683px\" \/><\/figure>\n\n\n\n<figure class=\"wp-block-image\"><img loading=\"lazy\" decoding=\"async\" width=\"683\" height=\"1024\" src=\"https:\/\/djgroup.es\/wp-content\/uploads\/2021\/03\/Imagen-de-WhatsApp-2025-07-28-a-las-17.38.56_cd0192d4.jpg\" alt=\"\" class=\"wp-image-2313\" srcset=\"https:\/\/djgroup.es\/wp-content\/uploads\/2021\/03\/Imagen-de-WhatsApp-2025-07-28-a-las-17.38.56_cd0192d4.jpg 683w, https:\/\/djgroup.es\/wp-content\/uploads\/2021\/03\/Imagen-de-WhatsApp-2025-07-28-a-las-17.38.56_cd0192d4-200x300.jpg 200w, https:\/\/djgroup.es\/wp-content\/uploads\/2021\/03\/Imagen-de-WhatsApp-2025-07-28-a-las-17.38.56_cd0192d4-8x12.jpg 8w\" sizes=\"(max-width: 683px) 100vw, 683px\" \/><\/figure>\n\n\n\n<figure class=\"wp-block-image\"><img loading=\"lazy\" decoding=\"async\" width=\"683\" height=\"1024\" src=\"https:\/\/djgroup.es\/wp-content\/uploads\/2021\/03\/Imagen-de-WhatsApp-2025-07-28-a-las-17.38.56_579f1c0e.jpg\" alt=\"\" class=\"wp-image-2314\" srcset=\"https:\/\/djgroup.es\/wp-content\/uploads\/2021\/03\/Imagen-de-WhatsApp-2025-07-28-a-las-17.38.56_579f1c0e.jpg 683w, https:\/\/djgroup.es\/wp-content\/uploads\/2021\/03\/Imagen-de-WhatsApp-2025-07-28-a-las-17.38.56_579f1c0e-200x300.jpg 200w, https:\/\/djgroup.es\/wp-content\/uploads\/2021\/03\/Imagen-de-WhatsApp-2025-07-28-a-las-17.38.56_579f1c0e-8x12.jpg 8w\" sizes=\"(max-width: 683px) 100vw, 683px\" \/><\/figure>\n\n\n\n<p><br><br><br><br><br><br><br><br><br><br><br><br><br><\/p>","protected":false},"excerpt":{"rendered":"<p>Dieses Projekt umfasste eine umfassende Renovierung des Hauses, die sowohl die Innen- als auch die Au\u00dfenr\u00e4ume vollst\u00e4ndig umfasste. Das Projekt umfasste eine vollst\u00e4ndige Renovierung der Einrichtungen des Hauses, um sicherzustellen, dass sie den aktuellen technischen Standards in Bezug auf Energieeffizienz, Komfort und Sicherheit entsprechen. [\u2026]<\/p>","protected":false},"author":2,"featured_media":1877,"comment_status":"closed","ping_status":"open","sticky":false,"template":"","format":"standard","meta":{"_joinchat":[],"footnotes":""},"categories":[38],"tags":[],"class_list":["post-1861","post","type-post","status-publish","format-standard","has-post-thumbnail","hentry","category-proyectos"],"yoast_head":"<!-- This site is optimized with the Yoast SEO plugin v27.1.1 - https:\/\/yoast.com\/product\/yoast-seo-wordpress\/ -->\n<title>Reforma Integral de vivienda en P\u00f3rtico Verd - Djgroup<\/title>\n<meta name=\"description\" content=\"reforma integral de la vivienda, la reforma ha sido la actualizaci\u00f3n integral de los ba\u00f1os, los cuales han sido redise\u00f1ados desde cero con una est\u00e9tica contempor\u00e1nea, materiales de alta calidad , cumpliendo con garantia ,calidad y desarrollo.\" \/>\n<meta name=\"robots\" content=\"index, follow, max-snippet:-1, max-image-preview:large, max-video-preview:-1\" \/>\n<link rel=\"canonical\" href=\"https:\/\/djgroup.es\/de\/umfassende-hausrenovierung\/\" \/>\n<meta property=\"og:locale\" content=\"de_DE\" \/>\n<meta property=\"og:type\" content=\"article\" \/>\n<meta property=\"og:title\" content=\"Reforma Integral de vivienda en P\u00f3rtico Verd - Djgroup\" \/>\n<meta property=\"og:description\" content=\"reforma integral de la vivienda, la reforma ha sido la actualizaci\u00f3n integral de los ba\u00f1os, los cuales han sido redise\u00f1ados desde cero con una est\u00e9tica contempor\u00e1nea, materiales de alta calidad , cumpliendo con garantia ,calidad y desarrollo.\" \/>\n<meta property=\"og:url\" content=\"https:\/\/djgroup.es\/de\/umfassende-hausrenovierung\/\" \/>\n<meta property=\"og:site_name\" content=\"Djgroup\" \/>\n<meta property=\"article:publisher\" content=\"https:\/\/www.facebook.com\/profile.php?id=61577641345036&amp;mibextid=wwXIfr\" \/>\n<meta property=\"article:published_time\" content=\"2021-03-03T15:31:20+00:00\" \/>\n<meta property=\"article:modified_time\" content=\"2025-12-02T12:15:43+00:00\" \/>\n<meta property=\"og:image\" content=\"https:\/\/djgroup.es\/wp-content\/uploads\/2025\/07\/Imagen-de-WhatsApp-2025-07-28-a-las-17.38.56_e06e9003.jpg\" \/>\n\t<meta property=\"og:image:width\" content=\"683\" \/>\n\t<meta property=\"og:image:height\" content=\"1024\" \/>\n\t<meta property=\"og:image:type\" content=\"image\/jpeg\" \/>\n<meta name=\"author\" content=\"Cristina Lopez\" \/>\n<meta name=\"twitter:card\" content=\"summary_large_image\" \/>\n<meta name=\"twitter:label1\" content=\"Verfasst von\" \/>\n\t<meta name=\"twitter:data1\" content=\"Cristina Lopez\" \/>\n\t<meta name=\"twitter:label2\" content=\"Gesch\u00e4tzte Lesezeit\" \/>\n\t<meta name=\"twitter:data2\" content=\"5\u00a0Minuten\" \/>\n<script type=\"application\/ld+json\" class=\"yoast-schema-graph\">{\"@context\":\"https:\/\/schema.org\",\"@graph\":[{\"@type\":\"Article\",\"@id\":\"https:\/\/djgroup.es\/reforma-integral-de-la-vivienda\/#article\",\"isPartOf\":{\"@id\":\"https:\/\/djgroup.es\/reforma-integral-de-la-vivienda\/\"},\"author\":{\"name\":\"Cristina Lopez\",\"@id\":\"https:\/\/djgroup.es\/#\/schema\/person\/7f3866caed1bda9009034f0949d00806\"},\"headline\":\"Reforma Integral de vivienda en P\u00f3rtico Verd\",\"datePublished\":\"2021-03-03T15:31:20+00:00\",\"dateModified\":\"2025-12-02T12:15:43+00:00\",\"mainEntityOfPage\":{\"@id\":\"https:\/\/djgroup.es\/reforma-integral-de-la-vivienda\/\"},\"wordCount\":359,\"publisher\":{\"@id\":\"https:\/\/djgroup.es\/#organization\"},\"image\":{\"@id\":\"https:\/\/djgroup.es\/reforma-integral-de-la-vivienda\/#primaryimage\"},\"thumbnailUrl\":\"https:\/\/djgroup.es\/wp-content\/uploads\/2025\/07\/Imagen-de-WhatsApp-2025-07-28-a-las-17.38.56_e06e9003.jpg\",\"articleSection\":[\"Proyectos\"],\"inLanguage\":\"de\"},{\"@type\":\"WebPage\",\"@id\":\"https:\/\/djgroup.es\/reforma-integral-de-la-vivienda\/\",\"url\":\"https:\/\/djgroup.es\/reforma-integral-de-la-vivienda\/\",\"name\":\"Reforma Integral de vivienda en P\u00f3rtico Verd - Djgroup\",\"isPartOf\":{\"@id\":\"https:\/\/djgroup.es\/#website\"},\"primaryImageOfPage\":{\"@id\":\"https:\/\/djgroup.es\/reforma-integral-de-la-vivienda\/#primaryimage\"},\"image\":{\"@id\":\"https:\/\/djgroup.es\/reforma-integral-de-la-vivienda\/#primaryimage\"},\"thumbnailUrl\":\"https:\/\/djgroup.es\/wp-content\/uploads\/2025\/07\/Imagen-de-WhatsApp-2025-07-28-a-las-17.38.56_e06e9003.jpg\",\"datePublished\":\"2021-03-03T15:31:20+00:00\",\"dateModified\":\"2025-12-02T12:15:43+00:00\",\"description\":\"reforma integral de la vivienda, la reforma ha sido la actualizaci\u00f3n integral de los ba\u00f1os, los cuales han sido redise\u00f1ados desde cero con una est\u00e9tica contempor\u00e1nea, materiales de alta calidad , cumpliendo con garantia ,calidad y desarrollo.\",\"breadcrumb\":{\"@id\":\"https:\/\/djgroup.es\/reforma-integral-de-la-vivienda\/#breadcrumb\"},\"inLanguage\":\"de\",\"potentialAction\":[{\"@type\":\"ReadAction\",\"target\":[\"https:\/\/djgroup.es\/reforma-integral-de-la-vivienda\/\"]}]},{\"@type\":\"ImageObject\",\"inLanguage\":\"de\",\"@id\":\"https:\/\/djgroup.es\/reforma-integral-de-la-vivienda\/#primaryimage\",\"url\":\"https:\/\/djgroup.es\/wp-content\/uploads\/2025\/07\/Imagen-de-WhatsApp-2025-07-28-a-las-17.38.56_e06e9003.jpg\",\"contentUrl\":\"https:\/\/djgroup.es\/wp-content\/uploads\/2025\/07\/Imagen-de-WhatsApp-2025-07-28-a-las-17.38.56_e06e9003.jpg\",\"width\":683,\"height\":1024},{\"@type\":\"BreadcrumbList\",\"@id\":\"https:\/\/djgroup.es\/reforma-integral-de-la-vivienda\/#breadcrumb\",\"itemListElement\":[{\"@type\":\"ListItem\",\"position\":1,\"name\":\"Portada\",\"item\":\"https:\/\/djgroup.es\/\"},{\"@type\":\"ListItem\",\"position\":2,\"name\":\"Reforma Integral de vivienda en P\u00f3rtico Verd\"}]},{\"@type\":\"WebSite\",\"@id\":\"https:\/\/djgroup.es\/#website\",\"url\":\"https:\/\/djgroup.es\/\",\"name\":\"Djgroup\",\"description\":\"Nuestra especialidad es la construcci\u00f3n en el sector residencial de obra nueva. Nos encargamos de proyectos de rehabilitacion integral y reformas. como tambien de proyectos realcionados con viviendas unifamiliares\",\"publisher\":{\"@id\":\"https:\/\/djgroup.es\/#organization\"},\"potentialAction\":[{\"@type\":\"SearchAction\",\"target\":{\"@type\":\"EntryPoint\",\"urlTemplate\":\"https:\/\/djgroup.es\/?s={search_term_string}\"},\"query-input\":{\"@type\":\"PropertyValueSpecification\",\"valueRequired\":true,\"valueName\":\"search_term_string\"}}],\"inLanguage\":\"de\"},{\"@type\":\"Organization\",\"@id\":\"https:\/\/djgroup.es\/#organization\",\"name\":\"Djgroup\",\"url\":\"https:\/\/djgroup.es\/\",\"logo\":{\"@type\":\"ImageObject\",\"inLanguage\":\"de\",\"@id\":\"https:\/\/djgroup.es\/#\/schema\/logo\/image\/\",\"url\":\"https:\/\/djgroup.es\/wp-content\/uploads\/2025\/06\/logo.webp\",\"contentUrl\":\"https:\/\/djgroup.es\/wp-content\/uploads\/2025\/06\/logo.webp\",\"width\":797,\"height\":181,\"caption\":\"Djgroup\"},\"image\":{\"@id\":\"https:\/\/djgroup.es\/#\/schema\/logo\/image\/\"},\"sameAs\":[\"https:\/\/www.facebook.com\/profile.php?id=61577641345036&mibextid=wwXIfr\",\"https:\/\/www.instagram.com\/djconstruction_realestate?igsh=aHM4bmYwd2E0d2Nz&utm_source=qr\",\"https:\/\/www.tiktok.com\/@dj.construction.reale?_t=ZN-8xX0L7cMxjq&_r=1\"]},{\"@type\":\"Person\",\"@id\":\"https:\/\/djgroup.es\/#\/schema\/person\/7f3866caed1bda9009034f0949d00806\",\"name\":\"Cristina Lopez\",\"image\":{\"@type\":\"ImageObject\",\"inLanguage\":\"de\",\"@id\":\"https:\/\/djgroup.es\/#\/schema\/person\/image\/\",\"url\":\"https:\/\/secure.gravatar.com\/avatar\/d861a46e23b465505ece029770e387ea517da69734f9c2ed5bd2d5030c83e332?s=96&d=mm&r=g\",\"contentUrl\":\"https:\/\/secure.gravatar.com\/avatar\/d861a46e23b465505ece029770e387ea517da69734f9c2ed5bd2d5030c83e332?s=96&d=mm&r=g\",\"caption\":\"Cristina Lopez\"},\"url\":\"https:\/\/djgroup.es\/de\/author\/administrador\/\"}]}<\/script>\n<!-- \/ Yoast SEO plugin. -->","yoast_head_json":{"title":"Reforma Integral de vivienda en P\u00f3rtico Verd - Djgroup","description":"reforma integral de la vivienda, la reforma ha sido la actualizaci\u00f3n integral de los ba\u00f1os, los cuales han sido redise\u00f1ados desde cero con una est\u00e9tica contempor\u00e1nea, materiales de alta calidad , cumpliendo con garantia ,calidad y desarrollo.","robots":{"index":"index","follow":"follow","max-snippet":"max-snippet:-1","max-image-preview":"max-image-preview:large","max-video-preview":"max-video-preview:-1"},"canonical":"https:\/\/djgroup.es\/de\/umfassende-hausrenovierung\/","og_locale":"de_DE","og_type":"article","og_title":"Reforma Integral de vivienda en P\u00f3rtico Verd - Djgroup","og_description":"reforma integral de la vivienda, la reforma ha sido la actualizaci\u00f3n integral de los ba\u00f1os, los cuales han sido redise\u00f1ados desde cero con una est\u00e9tica contempor\u00e1nea, materiales de alta calidad , cumpliendo con garantia ,calidad y desarrollo.","og_url":"https:\/\/djgroup.es\/de\/umfassende-hausrenovierung\/","og_site_name":"Djgroup","article_publisher":"https:\/\/www.facebook.com\/profile.php?id=61577641345036&mibextid=wwXIfr","article_published_time":"2021-03-03T15:31:20+00:00","article_modified_time":"2025-12-02T12:15:43+00:00","og_image":[{"width":683,"height":1024,"url":"https:\/\/djgroup.es\/wp-content\/uploads\/2025\/07\/Imagen-de-WhatsApp-2025-07-28-a-las-17.38.56_e06e9003.jpg","type":"image\/jpeg"}],"author":"Cristina Lopez","twitter_card":"summary_large_image","twitter_misc":{"Verfasst von":"Cristina Lopez","Gesch\u00e4tzte Lesezeit":"5\u00a0Minuten"},"schema":{"@context":"https:\/\/schema.org","@graph":[{"@type":"Article","@id":"https:\/\/djgroup.es\/reforma-integral-de-la-vivienda\/#article","isPartOf":{"@id":"https:\/\/djgroup.es\/reforma-integral-de-la-vivienda\/"},"author":{"name":"Cristina Lopez","@id":"https:\/\/djgroup.es\/#\/schema\/person\/7f3866caed1bda9009034f0949d00806"},"headline":"Reforma Integral de vivienda en P\u00f3rtico Verd","datePublished":"2021-03-03T15:31:20+00:00","dateModified":"2025-12-02T12:15:43+00:00","mainEntityOfPage":{"@id":"https:\/\/djgroup.es\/reforma-integral-de-la-vivienda\/"},"wordCount":359,"publisher":{"@id":"https:\/\/djgroup.es\/#organization"},"image":{"@id":"https:\/\/djgroup.es\/reforma-integral-de-la-vivienda\/#primaryimage"},"thumbnailUrl":"https:\/\/djgroup.es\/wp-content\/uploads\/2025\/07\/Imagen-de-WhatsApp-2025-07-28-a-las-17.38.56_e06e9003.jpg","articleSection":["Proyectos"],"inLanguage":"de"},{"@type":"WebPage","@id":"https:\/\/djgroup.es\/reforma-integral-de-la-vivienda\/","url":"https:\/\/djgroup.es\/reforma-integral-de-la-vivienda\/","name":"Reforma Integral de vivienda en P\u00f3rtico Verd - Djgroup","isPartOf":{"@id":"https:\/\/djgroup.es\/#website"},"primaryImageOfPage":{"@id":"https:\/\/djgroup.es\/reforma-integral-de-la-vivienda\/#primaryimage"},"image":{"@id":"https:\/\/djgroup.es\/reforma-integral-de-la-vivienda\/#primaryimage"},"thumbnailUrl":"https:\/\/djgroup.es\/wp-content\/uploads\/2025\/07\/Imagen-de-WhatsApp-2025-07-28-a-las-17.38.56_e06e9003.jpg","datePublished":"2021-03-03T15:31:20+00:00","dateModified":"2025-12-02T12:15:43+00:00","description":"reforma integral de la vivienda, la reforma ha sido la actualizaci\u00f3n integral de los ba\u00f1os, los cuales han sido redise\u00f1ados desde cero con una est\u00e9tica contempor\u00e1nea, materiales de alta calidad , cumpliendo con garantia ,calidad y desarrollo.","breadcrumb":{"@id":"https:\/\/djgroup.es\/reforma-integral-de-la-vivienda\/#breadcrumb"},"inLanguage":"de","potentialAction":[{"@type":"ReadAction","target":["https:\/\/djgroup.es\/reforma-integral-de-la-vivienda\/"]}]},{"@type":"ImageObject","inLanguage":"de","@id":"https:\/\/djgroup.es\/reforma-integral-de-la-vivienda\/#primaryimage","url":"https:\/\/djgroup.es\/wp-content\/uploads\/2025\/07\/Imagen-de-WhatsApp-2025-07-28-a-las-17.38.56_e06e9003.jpg","contentUrl":"https:\/\/djgroup.es\/wp-content\/uploads\/2025\/07\/Imagen-de-WhatsApp-2025-07-28-a-las-17.38.56_e06e9003.jpg","width":683,"height":1024},{"@type":"BreadcrumbList","@id":"https:\/\/djgroup.es\/reforma-integral-de-la-vivienda\/#breadcrumb","itemListElement":[{"@type":"ListItem","position":1,"name":"Portada","item":"https:\/\/djgroup.es\/"},{"@type":"ListItem","position":2,"name":"Reforma Integral de vivienda en P\u00f3rtico Verd"}]},{"@type":"WebSite","@id":"https:\/\/djgroup.es\/#website","url":"https:\/\/djgroup.es\/","name":"Djgroup","description":"Nuestra especialidad es la construcci\u00f3n en el sector residencial de obra nueva. Nos encargamos de proyectos de rehabilitacion integral y reformas. como tambien de proyectos realcionados con viviendas unifamiliares","publisher":{"@id":"https:\/\/djgroup.es\/#organization"},"potentialAction":[{"@type":"SearchAction","target":{"@type":"EntryPoint","urlTemplate":"https:\/\/djgroup.es\/?s={search_term_string}"},"query-input":{"@type":"PropertyValueSpecification","valueRequired":true,"valueName":"search_term_string"}}],"inLanguage":"de"},{"@type":"Organization","@id":"https:\/\/djgroup.es\/#organization","name":"Djgroup","url":"https:\/\/djgroup.es\/","logo":{"@type":"ImageObject","inLanguage":"de","@id":"https:\/\/djgroup.es\/#\/schema\/logo\/image\/","url":"https:\/\/djgroup.es\/wp-content\/uploads\/2025\/06\/logo.webp","contentUrl":"https:\/\/djgroup.es\/wp-content\/uploads\/2025\/06\/logo.webp","width":797,"height":181,"caption":"Djgroup"},"image":{"@id":"https:\/\/djgroup.es\/#\/schema\/logo\/image\/"},"sameAs":["https:\/\/www.facebook.com\/profile.php?id=61577641345036&mibextid=wwXIfr","https:\/\/www.instagram.com\/djconstruction_realestate?igsh=aHM4bmYwd2E0d2Nz&utm_source=qr","https:\/\/www.tiktok.com\/@dj.construction.reale?_t=ZN-8xX0L7cMxjq&_r=1"]},{"@type":"Person","@id":"https:\/\/djgroup.es\/#\/schema\/person\/7f3866caed1bda9009034f0949d00806","name":"Cristina Lopez","image":{"@type":"ImageObject","inLanguage":"de","@id":"https:\/\/djgroup.es\/#\/schema\/person\/image\/","url":"https:\/\/secure.gravatar.com\/avatar\/d861a46e23b465505ece029770e387ea517da69734f9c2ed5bd2d5030c83e332?s=96&d=mm&r=g","contentUrl":"https:\/\/secure.gravatar.com\/avatar\/d861a46e23b465505ece029770e387ea517da69734f9c2ed5bd2d5030c83e332?s=96&d=mm&r=g","caption":"Cristina Lopez"},"url":"https:\/\/djgroup.es\/de\/author\/administrador\/"}]}},"acf":[],"_links":{"self":[{"href":"https:\/\/djgroup.es\/de\/wp-json\/wp\/v2\/posts\/1861","targetHints":{"allow":["GET"]}}],"collection":[{"href":"https:\/\/djgroup.es\/de\/wp-json\/wp\/v2\/posts"}],"about":[{"href":"https:\/\/djgroup.es\/de\/wp-json\/wp\/v2\/types\/post"}],"author":[{"embeddable":true,"href":"https:\/\/djgroup.es\/de\/wp-json\/wp\/v2\/users\/2"}],"replies":[{"embeddable":true,"href":"https:\/\/djgroup.es\/de\/wp-json\/wp\/v2\/comments?post=1861"}],"version-history":[{"count":17,"href":"https:\/\/djgroup.es\/de\/wp-json\/wp\/v2\/posts\/1861\/revisions"}],"predecessor-version":[{"id":2316,"href":"https:\/\/djgroup.es\/de\/wp-json\/wp\/v2\/posts\/1861\/revisions\/2316"}],"wp:featuredmedia":[{"embeddable":true,"href":"https:\/\/djgroup.es\/de\/wp-json\/wp\/v2\/media\/1877"}],"wp:attachment":[{"href":"https:\/\/djgroup.es\/de\/wp-json\/wp\/v2\/media?parent=1861"}],"wp:term":[{"taxonomy":"category","embeddable":true,"href":"https:\/\/djgroup.es\/de\/wp-json\/wp\/v2\/categories?post=1861"},{"taxonomy":"post_tag","embeddable":true,"href":"https:\/\/djgroup.es\/de\/wp-json\/wp\/v2\/tags?post=1861"}],"curies":[{"name":"wp","href":"https:\/\/api.w.org\/{rel}","templated":true}]}}