{"id":1786,"date":"2025-04-28T10:02:04","date_gmt":"2025-04-28T10:02:04","guid":{"rendered":"https:\/\/djgroup.es\/?p=1786"},"modified":"2025-07-30T15:44:30","modified_gmt":"2025-07-30T15:44:30","slug":"reforma-integral-de-fachada-y-exteriores","status":"publish","type":"post","link":"https:\/\/djgroup.es\/de\/umfassende-sanierung-der-fassade-und-des-ausenbereichs\/","title":{"rendered":"Komplette Fassaden- und Au\u00dfenrenovierung in Costa de la Calma"},"content":{"rendered":"<p>Dieses Architekturprojekt umfasste eine umfassende Renovierung der Fassade und der Au\u00dfenr\u00e4ume des Hauses mit dem Ziel, sein \u00e4sthetisches Erscheinungsbild vollst\u00e4ndig zu erneuern, die Funktionalit\u00e4t der Eing\u00e4nge zu verbessern und die Integration der landschaftlichen Umgebung in das Gesamtgeb\u00e4ude zu optimieren.<\/p>\n\n<p>Zu den wichtigsten Projekten z\u00e4hlt der Bau neuer Umfassungsmauern, sowohl an den Au\u00dfengrenzen des Grundst\u00fccks als auch in strategischen Innenbereichen. Diese sollen R\u00e4ume abgrenzen, f\u00fcr mehr Privatsph\u00e4re sorgen und die Sicherheit erh\u00f6hen. Diese Mauern wurden aus hochwertigen Materialien gefertigt und entsprechen den modernen \u00e4sthetischen Kriterien, die das neue visuelle Konzept des Anwesens bestimmen.<\/p>\n\n<p>An der Haupt- und R\u00fcckfassade des Hauses wurden neue Zugangstreppen errichtet. Diese Treppen wurden nicht nur als funktionale Elemente, sondern auch als architektonische Komponenten konzipiert, die zu einem harmonischen \u00dcbergang zwischen den verschiedenen Ebenen des Hauses beitragen. Bei der Gestaltung dieser Treppen wurde auf Langlebigkeit, Benutzerfreundlichkeit und die \u00dcbereinstimmung mit den neuen Au\u00dfenverkleidungen geachtet.<\/p>\n\n<p>Die umfassende Neugestaltung der Au\u00dfeng\u00e4rten umfasste eine komplette Neugestaltung der Gr\u00fcnfl\u00e4chen. Dabei wurden neue, an das lokale Klima angepasste Pflanzenarten, effiziente Bew\u00e4sserungssysteme und moderne Landschaftsgestaltungsl\u00f6sungen integriert, die die nat\u00fcrliche Sch\u00f6nheit der Umgebung unterstreichen. Dieses Projekt verwandelte den Garten in einen Ort der Freude und Besinnung und steigerte den Wert des Anwesens.<\/p>\n\n<p>Die Hauptfassade wurde mit einer neuen Verkleidung aus sorgf\u00e4ltig ausgew\u00e4hltem Naturstein versehen, die f\u00fcr ein modernes, elegantes und optisch ansprechendes Erscheinungsbild sorgt. Diese neue Fassadenbehandlung verbessert nicht nur die \u00c4sthetik des Geb\u00e4udes, sondern tr\u00e4gt auch zu seiner W\u00e4rmed\u00e4mmung und Witterungsbest\u00e4ndigkeit bei.<\/p>\n\n<p>Insgesamt wurde durch diese Renovierung das \u00c4u\u00dfere des Hauses deutlich erneuert, sein architektonischer Wert, seine Funktionalit\u00e4t und seine optische Attraktivit\u00e4t deutlich gesteigert und es als modernes, effizientes Anwesen positioniert, das mit seiner Umgebung harmoniert.<\/p>\n\t\t\n\t\t\t\t\t\t\t\t\t\t\t\t\t\t\t<img fetchpriority=\"high\" decoding=\"async\" width=\"1024\" height=\"683\" src=\"https:\/\/djgroup.es\/wp-content\/uploads\/2025\/07\/123-1024x683.jpg\" alt=\"\" srcset=\"https:\/\/djgroup.es\/wp-content\/uploads\/2025\/07\/123-1024x683.jpg 1024w, https:\/\/djgroup.es\/wp-content\/uploads\/2025\/07\/123-300x200.jpg 300w, https:\/\/djgroup.es\/wp-content\/uploads\/2025\/07\/123-768x512.jpg 768w, https:\/\/djgroup.es\/wp-content\/uploads\/2025\/07\/123-1536x1024.jpg 1536w, https:\/\/djgroup.es\/wp-content\/uploads\/2025\/07\/123-2048x1365.jpg 2048w\" sizes=\"(max-width: 1024px) 100vw, 1024px\" \/>\t\t\t\t\t\t\t\t\t\t\t\t\t\t\t\n\t\t\t\t\t\t\t\t\t\t\t\t\t\t\t<img decoding=\"async\" width=\"1024\" height=\"683\" src=\"https:\/\/djgroup.es\/wp-content\/uploads\/2025\/07\/DZ2A9149-1024x683.jpg\" alt=\"\" srcset=\"https:\/\/djgroup.es\/wp-content\/uploads\/2025\/07\/DZ2A9149-1024x683.jpg 1024w, https:\/\/djgroup.es\/wp-content\/uploads\/2025\/07\/DZ2A9149-300x200.jpg 300w, https:\/\/djgroup.es\/wp-content\/uploads\/2025\/07\/DZ2A9149-768x512.jpg 768w, https:\/\/djgroup.es\/wp-content\/uploads\/2025\/07\/DZ2A9149-1536x1024.jpg 1536w, https:\/\/djgroup.es\/wp-content\/uploads\/2025\/07\/DZ2A9149-2048x1365.jpg 2048w\" sizes=\"(max-width: 1024px) 100vw, 1024px\" \/>\t\t\t\t\t\t\t\t\t\t\t\t\t\t\t\n\t\t\t\t\t\t\t\t\t\t\t\t\t\t\t<img decoding=\"async\" width=\"1024\" height=\"683\" src=\"https:\/\/djgroup.es\/wp-content\/uploads\/2025\/07\/DZ2A9143-1024x683.jpg\" alt=\"\" srcset=\"https:\/\/djgroup.es\/wp-content\/uploads\/2025\/07\/DZ2A9143-1024x683.jpg 1024w, https:\/\/djgroup.es\/wp-content\/uploads\/2025\/07\/DZ2A9143-300x200.jpg 300w, https:\/\/djgroup.es\/wp-content\/uploads\/2025\/07\/DZ2A9143-768x512.jpg 768w, https:\/\/djgroup.es\/wp-content\/uploads\/2025\/07\/DZ2A9143-1536x1024.jpg 1536w, https:\/\/djgroup.es\/wp-content\/uploads\/2025\/07\/DZ2A9143-2048x1365.jpg 2048w\" sizes=\"(max-width: 1024px) 100vw, 1024px\" \/>\t\t\t\t\t\t\t\t\t\t\t\t\t\t\t\n\t\t\t\t\t\t\t\t\t\t\t\t\t\t\t<img loading=\"lazy\" decoding=\"async\" width=\"1024\" height=\"683\" src=\"https:\/\/djgroup.es\/wp-content\/uploads\/2025\/07\/DZ2A9126-1024x683.jpg\" alt=\"\" srcset=\"https:\/\/djgroup.es\/wp-content\/uploads\/2025\/07\/DZ2A9126-1024x683.jpg 1024w, https:\/\/djgroup.es\/wp-content\/uploads\/2025\/07\/DZ2A9126-300x200.jpg 300w, https:\/\/djgroup.es\/wp-content\/uploads\/2025\/07\/DZ2A9126-768x512.jpg 768w, https:\/\/djgroup.es\/wp-content\/uploads\/2025\/07\/DZ2A9126-1536x1024.jpg 1536w, https:\/\/djgroup.es\/wp-content\/uploads\/2025\/07\/DZ2A9126-2048x1365.jpg 2048w\" sizes=\"(max-width: 1024px) 100vw, 1024px\" \/>\t\t\t\t\t\t\t\t\t\t\t\t\t\t\t\n\t\t\t\t\t\t\t\t\t\t\t\t\t\t\t<img loading=\"lazy\" decoding=\"async\" width=\"1024\" height=\"683\" src=\"https:\/\/djgroup.es\/wp-content\/uploads\/2025\/07\/DZ2A9132-1024x683.jpg\" alt=\"\" srcset=\"https:\/\/djgroup.es\/wp-content\/uploads\/2025\/07\/DZ2A9132-1024x683.jpg 1024w, https:\/\/djgroup.es\/wp-content\/uploads\/2025\/07\/DZ2A9132-300x200.jpg 300w, https:\/\/djgroup.es\/wp-content\/uploads\/2025\/07\/DZ2A9132-768x512.jpg 768w, https:\/\/djgroup.es\/wp-content\/uploads\/2025\/07\/DZ2A9132-1536x1024.jpg 1536w, https:\/\/djgroup.es\/wp-content\/uploads\/2025\/07\/DZ2A9132-2048x1365.jpg 2048w\" sizes=\"(max-width: 1024px) 100vw, 1024px\" \/>\t\t\t\t\t\t\t\t\t\t\t\t\t\t\t\n\t\t\t\t\t\t\t\t\t\t\t\t\t\t\t<img loading=\"lazy\" decoding=\"async\" width=\"1024\" height=\"683\" src=\"https:\/\/djgroup.es\/wp-content\/uploads\/2025\/07\/DZ2A9138-1024x683.jpg\" alt=\"\" srcset=\"https:\/\/djgroup.es\/wp-content\/uploads\/2025\/07\/DZ2A9138-1024x683.jpg 1024w, https:\/\/djgroup.es\/wp-content\/uploads\/2025\/07\/DZ2A9138-300x200.jpg 300w, https:\/\/djgroup.es\/wp-content\/uploads\/2025\/07\/DZ2A9138-768x512.jpg 768w, https:\/\/djgroup.es\/wp-content\/uploads\/2025\/07\/DZ2A9138-1536x1024.jpg 1536w, https:\/\/djgroup.es\/wp-content\/uploads\/2025\/07\/DZ2A9138-2048x1365.jpg 2048w\" sizes=\"(max-width: 1024px) 100vw, 1024px\" \/>\t\t\t\t\t\t\t\t\t\t\t\t\t\t\t\n\t\t\t\t\t\t\t\t\t\t\t\t\t\t\t<img loading=\"lazy\" decoding=\"async\" width=\"1024\" height=\"683\" src=\"https:\/\/djgroup.es\/wp-content\/uploads\/2025\/07\/DZ2A9152-1024x683.jpg\" alt=\"\" srcset=\"https:\/\/djgroup.es\/wp-content\/uploads\/2025\/07\/DZ2A9152-1024x683.jpg 1024w, https:\/\/djgroup.es\/wp-content\/uploads\/2025\/07\/DZ2A9152-300x200.jpg 300w, https:\/\/djgroup.es\/wp-content\/uploads\/2025\/07\/DZ2A9152-768x512.jpg 768w, https:\/\/djgroup.es\/wp-content\/uploads\/2025\/07\/DZ2A9152-1536x1024.jpg 1536w, https:\/\/djgroup.es\/wp-content\/uploads\/2025\/07\/DZ2A9152-2048x1365.jpg 2048w\" sizes=\"(max-width: 1024px) 100vw, 1024px\" \/>\t\t\t\t\t\t\t\t\t\t\t\t\t\t\t\n\t\t\t\t\t\t\t\t\t\t\t\t\t\t\t<img loading=\"lazy\" decoding=\"async\" width=\"1024\" height=\"683\" src=\"https:\/\/djgroup.es\/wp-content\/uploads\/2025\/07\/DZ2A9128-1024x683.jpg\" alt=\"\" srcset=\"https:\/\/djgroup.es\/wp-content\/uploads\/2025\/07\/DZ2A9128-1024x683.jpg 1024w, https:\/\/djgroup.es\/wp-content\/uploads\/2025\/07\/DZ2A9128-300x200.jpg 300w, https:\/\/djgroup.es\/wp-content\/uploads\/2025\/07\/DZ2A9128-768x512.jpg 768w, https:\/\/djgroup.es\/wp-content\/uploads\/2025\/07\/DZ2A9128-1536x1024.jpg 1536w, https:\/\/djgroup.es\/wp-content\/uploads\/2025\/07\/DZ2A9128-2048x1365.jpg 2048w\" sizes=\"(max-width: 1024px) 100vw, 1024px\" \/>\t\t\t\t\t\t\t\t\t\t\t\t\t\t\t\n\t\t\t\t\t\t\t\t\t\t\t\t\t\t\t<img decoding=\"async\" width=\"1024\" height=\"683\" src=\"https:\/\/djgroup.es\/wp-content\/uploads\/2025\/07\/DZ2A9149-1024x683.jpg\" alt=\"\" srcset=\"https:\/\/djgroup.es\/wp-content\/uploads\/2025\/07\/DZ2A9149-1024x683.jpg 1024w, https:\/\/djgroup.es\/wp-content\/uploads\/2025\/07\/DZ2A9149-300x200.jpg 300w, https:\/\/djgroup.es\/wp-content\/uploads\/2025\/07\/DZ2A9149-768x512.jpg 768w, https:\/\/djgroup.es\/wp-content\/uploads\/2025\/07\/DZ2A9149-1536x1024.jpg 1536w, https:\/\/djgroup.es\/wp-content\/uploads\/2025\/07\/DZ2A9149-2048x1365.jpg 2048w\" sizes=\"(max-width: 1024px) 100vw, 1024px\" \/>\t\t\t\t\t\t\t\t\t\t\t\t\t\t\t\n\t\t\t\t\t\t\t\t\t\t\t\t\t\t\t<img loading=\"lazy\" decoding=\"async\" width=\"1024\" height=\"683\" src=\"https:\/\/djgroup.es\/wp-content\/uploads\/2025\/07\/DZ2A9178-1024x683.jpg\" alt=\"\" srcset=\"https:\/\/djgroup.es\/wp-content\/uploads\/2025\/07\/DZ2A9178-1024x683.jpg 1024w, https:\/\/djgroup.es\/wp-content\/uploads\/2025\/07\/DZ2A9178-300x200.jpg 300w, https:\/\/djgroup.es\/wp-content\/uploads\/2025\/07\/DZ2A9178-768x512.jpg 768w, https:\/\/djgroup.es\/wp-content\/uploads\/2025\/07\/DZ2A9178-1536x1024.jpg 1536w, https:\/\/djgroup.es\/wp-content\/uploads\/2025\/07\/DZ2A9178-2048x1365.jpg 2048w\" sizes=\"(max-width: 1024px) 100vw, 1024px\" \/>\t\t\t\t\t\t\t\t\t\t\t\t\t\t\t\n\t\t\t\t\t\t\t\t\t\t\t\t\t\t\t<img loading=\"lazy\" decoding=\"async\" width=\"683\" height=\"1024\" src=\"https:\/\/djgroup.es\/wp-content\/uploads\/2025\/07\/DZ2A9142-683x1024.jpg\" alt=\"\" srcset=\"https:\/\/djgroup.es\/wp-content\/uploads\/2025\/07\/DZ2A9142-683x1024.jpg 683w, https:\/\/djgroup.es\/wp-content\/uploads\/2025\/07\/DZ2A9142-200x300.jpg 200w, https:\/\/djgroup.es\/wp-content\/uploads\/2025\/07\/DZ2A9142-768x1152.jpg 768w, https:\/\/djgroup.es\/wp-content\/uploads\/2025\/07\/DZ2A9142-1024x1536.jpg 1024w, https:\/\/djgroup.es\/wp-content\/uploads\/2025\/07\/DZ2A9142-1365x2048.jpg 1365w, https:\/\/djgroup.es\/wp-content\/uploads\/2025\/07\/DZ2A9142-scaled.jpg 1707w\" sizes=\"(max-width: 683px) 100vw, 683px\" \/>\t\t\t\t\t\t\t\t\t\t\t\t\t\t\t\n\t\t\t\t\t\t\t\t\t\t\t\t\t\t\t<img loading=\"lazy\" decoding=\"async\" width=\"683\" height=\"1024\" src=\"https:\/\/djgroup.es\/wp-content\/uploads\/2025\/07\/DZ2A9185-683x1024.jpg\" alt=\"\" srcset=\"https:\/\/djgroup.es\/wp-content\/uploads\/2025\/07\/DZ2A9185-683x1024.jpg 683w, https:\/\/djgroup.es\/wp-content\/uploads\/2025\/07\/DZ2A9185-200x300.jpg 200w, https:\/\/djgroup.es\/wp-content\/uploads\/2025\/07\/DZ2A9185-768x1152.jpg 768w, https:\/\/djgroup.es\/wp-content\/uploads\/2025\/07\/DZ2A9185-1024x1536.jpg 1024w, https:\/\/djgroup.es\/wp-content\/uploads\/2025\/07\/DZ2A9185-1365x2048.jpg 1365w, https:\/\/djgroup.es\/wp-content\/uploads\/2025\/07\/DZ2A9185-scaled.jpg 1707w\" sizes=\"(max-width: 683px) 100vw, 683px\" \/>\t\t\t\t\t\t\t\t\t\t\t\t\t\t\t\n\t\t\t\t\t\t\t\t\t\t\t\t\t\t\t<img loading=\"lazy\" decoding=\"async\" width=\"1024\" height=\"683\" src=\"https:\/\/djgroup.es\/wp-content\/uploads\/2025\/07\/DZ2A9159-1024x683.jpg\" alt=\"\" srcset=\"https:\/\/djgroup.es\/wp-content\/uploads\/2025\/07\/DZ2A9159-1024x683.jpg 1024w, https:\/\/djgroup.es\/wp-content\/uploads\/2025\/07\/DZ2A9159-300x200.jpg 300w, https:\/\/djgroup.es\/wp-content\/uploads\/2025\/07\/DZ2A9159-768x512.jpg 768w, https:\/\/djgroup.es\/wp-content\/uploads\/2025\/07\/DZ2A9159-1536x1024.jpg 1536w, https:\/\/djgroup.es\/wp-content\/uploads\/2025\/07\/DZ2A9159-2048x1365.jpg 2048w\" sizes=\"(max-width: 1024px) 100vw, 1024px\" \/>\t\t\t\t\t\t\t\t\t\t\t\t\t\t\t\n\t\t\t\t\t\t\t\t\t\t\t\t\t\t\t<img loading=\"lazy\" decoding=\"async\" width=\"1024\" height=\"683\" src=\"https:\/\/djgroup.es\/wp-content\/uploads\/2025\/07\/DZ2A9190-1024x683.jpg\" alt=\"\" srcset=\"https:\/\/djgroup.es\/wp-content\/uploads\/2025\/07\/DZ2A9190-1024x683.jpg 1024w, https:\/\/djgroup.es\/wp-content\/uploads\/2025\/07\/DZ2A9190-300x200.jpg 300w, https:\/\/djgroup.es\/wp-content\/uploads\/2025\/07\/DZ2A9190-768x512.jpg 768w, https:\/\/djgroup.es\/wp-content\/uploads\/2025\/07\/DZ2A9190-1536x1024.jpg 1536w, https:\/\/djgroup.es\/wp-content\/uploads\/2025\/07\/DZ2A9190-2048x1365.jpg 2048w\" sizes=\"(max-width: 1024px) 100vw, 1024px\" \/>\t\t\t\t\t\t\t\t\t\t\t\t\t\t\t\n\t\t\t\t\t\t\t\t\t\t\t\t\t\t\t<img decoding=\"async\" width=\"1024\" height=\"683\" src=\"https:\/\/djgroup.es\/wp-content\/uploads\/2025\/07\/DZ2A9143-1024x683.jpg\" alt=\"\" srcset=\"https:\/\/djgroup.es\/wp-content\/uploads\/2025\/07\/DZ2A9143-1024x683.jpg 1024w, https:\/\/djgroup.es\/wp-content\/uploads\/2025\/07\/DZ2A9143-300x200.jpg 300w, https:\/\/djgroup.es\/wp-content\/uploads\/2025\/07\/DZ2A9143-768x512.jpg 768w, https:\/\/djgroup.es\/wp-content\/uploads\/2025\/07\/DZ2A9143-1536x1024.jpg 1536w, https:\/\/djgroup.es\/wp-content\/uploads\/2025\/07\/DZ2A9143-2048x1365.jpg 2048w\" sizes=\"(max-width: 1024px) 100vw, 1024px\" \/>\t\t\t\t\t\t\t\t\t\t\t\t\t\t\t\n\t\t\t\t\t\t\t\t\t\t\t\t\t\t\t<img loading=\"lazy\" decoding=\"async\" width=\"1024\" height=\"683\" src=\"https:\/\/djgroup.es\/wp-content\/uploads\/2025\/07\/DZ2A9134-1024x683.jpg\" alt=\"\" srcset=\"https:\/\/djgroup.es\/wp-content\/uploads\/2025\/07\/DZ2A9134-1024x683.jpg 1024w, https:\/\/djgroup.es\/wp-content\/uploads\/2025\/07\/DZ2A9134-300x200.jpg 300w, https:\/\/djgroup.es\/wp-content\/uploads\/2025\/07\/DZ2A9134-768x512.jpg 768w, https:\/\/djgroup.es\/wp-content\/uploads\/2025\/07\/DZ2A9134-1536x1024.jpg 1536w, https:\/\/djgroup.es\/wp-content\/uploads\/2025\/07\/DZ2A9134-2048x1365.jpg 2048w\" sizes=\"(max-width: 1024px) 100vw, 1024px\" \/>","protected":false},"excerpt":{"rendered":"<p>Dieses Architekturprojekt umfasste eine umfassende Renovierung der Fassade und der Au\u00dfenanlagen des Hauses mit dem Ziel, das \u00e4sthetische Erscheinungsbild vollst\u00e4ndig zu erneuern, die Funktionalit\u00e4t der Eing\u00e4nge zu verbessern und die Integration der landschaftlichen Umgebung in das Gesamtgeb\u00e4ude zu optimieren. Zu den wichtigsten durchgef\u00fchrten Arbeiten geh\u00f6rten [\u2026]<\/p>","protected":false},"author":2,"featured_media":1752,"comment_status":"closed","ping_status":"open","sticky":false,"template":"elementor_theme","format":"standard","meta":{"_joinchat":[],"footnotes":""},"categories":[38],"tags":[],"class_list":["post-1786","post","type-post","status-publish","format-standard","has-post-thumbnail","hentry","category-proyectos"],"yoast_head":"<!-- This site is optimized with the Yoast SEO plugin v27.1.1 - https:\/\/yoast.com\/product\/yoast-seo-wordpress\/ -->\n<title>Reforma Integral de fachada y exteriores en Costa de la Calma - Djgroup<\/title>\n<meta name=\"description\" content=\"Reforma integral de fa exteriores.\" \/>\n<meta name=\"robots\" content=\"index, follow, max-snippet:-1, max-image-preview:large, max-video-preview:-1\" \/>\n<link rel=\"canonical\" href=\"https:\/\/djgroup.es\/de\/umfassende-sanierung-der-fassade-und-des-ausenbereichs\/\" \/>\n<meta property=\"og:locale\" content=\"de_DE\" \/>\n<meta property=\"og:type\" content=\"article\" \/>\n<meta property=\"og:title\" content=\"Reforma Integral de fachada y exteriores en Costa de la Calma - Djgroup\" \/>\n<meta property=\"og:description\" content=\"Reforma integral de fa exteriores.\" \/>\n<meta property=\"og:url\" content=\"https:\/\/djgroup.es\/de\/umfassende-sanierung-der-fassade-und-des-ausenbereichs\/\" \/>\n<meta property=\"og:site_name\" content=\"Djgroup\" \/>\n<meta property=\"article:publisher\" content=\"https:\/\/www.facebook.com\/profile.php?id=61577641345036&amp;mibextid=wwXIfr\" \/>\n<meta property=\"article:published_time\" content=\"2025-04-28T10:02:04+00:00\" \/>\n<meta property=\"article:modified_time\" content=\"2025-07-30T15:44:30+00:00\" \/>\n<meta property=\"og:image\" content=\"https:\/\/djgroup.es\/wp-content\/uploads\/2025\/07\/DZ2A9152-scaled.jpg\" \/>\n\t<meta property=\"og:image:width\" content=\"2560\" \/>\n\t<meta property=\"og:image:height\" content=\"1707\" \/>\n\t<meta property=\"og:image:type\" content=\"image\/jpeg\" \/>\n<meta name=\"author\" content=\"Cristina Lopez\" \/>\n<meta name=\"twitter:card\" content=\"summary_large_image\" \/>\n<meta name=\"twitter:label1\" content=\"Verfasst von\" \/>\n\t<meta name=\"twitter:data1\" content=\"Cristina Lopez\" \/>\n\t<meta name=\"twitter:label2\" content=\"Gesch\u00e4tzte Lesezeit\" \/>\n\t<meta name=\"twitter:data2\" content=\"5\u00a0Minuten\" \/>\n<script type=\"application\/ld+json\" class=\"yoast-schema-graph\">{\"@context\":\"https:\/\/schema.org\",\"@graph\":[{\"@type\":\"Article\",\"@id\":\"https:\/\/djgroup.es\/reforma-integral-de-fachada-y-exteriores\/#article\",\"isPartOf\":{\"@id\":\"https:\/\/djgroup.es\/reforma-integral-de-fachada-y-exteriores\/\"},\"author\":{\"name\":\"Cristina Lopez\",\"@id\":\"https:\/\/djgroup.es\/#\/schema\/person\/7f3866caed1bda9009034f0949d00806\"},\"headline\":\"Reforma Integral de fachada y exteriores en Costa de la Calma\",\"datePublished\":\"2025-04-28T10:02:04+00:00\",\"dateModified\":\"2025-07-30T15:44:30+00:00\",\"mainEntityOfPage\":{\"@id\":\"https:\/\/djgroup.es\/reforma-integral-de-fachada-y-exteriores\/\"},\"wordCount\":380,\"publisher\":{\"@id\":\"https:\/\/djgroup.es\/#organization\"},\"image\":{\"@id\":\"https:\/\/djgroup.es\/reforma-integral-de-fachada-y-exteriores\/#primaryimage\"},\"thumbnailUrl\":\"https:\/\/djgroup.es\/wp-content\/uploads\/2025\/07\/DZ2A9152-scaled.jpg\",\"articleSection\":[\"Proyectos\"],\"inLanguage\":\"de\"},{\"@type\":\"WebPage\",\"@id\":\"https:\/\/djgroup.es\/reforma-integral-de-fachada-y-exteriores\/\",\"url\":\"https:\/\/djgroup.es\/reforma-integral-de-fachada-y-exteriores\/\",\"name\":\"Reforma Integral de fachada y exteriores en Costa de la Calma - Djgroup\",\"isPartOf\":{\"@id\":\"https:\/\/djgroup.es\/#website\"},\"primaryImageOfPage\":{\"@id\":\"https:\/\/djgroup.es\/reforma-integral-de-fachada-y-exteriores\/#primaryimage\"},\"image\":{\"@id\":\"https:\/\/djgroup.es\/reforma-integral-de-fachada-y-exteriores\/#primaryimage\"},\"thumbnailUrl\":\"https:\/\/djgroup.es\/wp-content\/uploads\/2025\/07\/DZ2A9152-scaled.jpg\",\"datePublished\":\"2025-04-28T10:02:04+00:00\",\"dateModified\":\"2025-07-30T15:44:30+00:00\",\"description\":\"Reforma integral de fa exteriores.\",\"breadcrumb\":{\"@id\":\"https:\/\/djgroup.es\/reforma-integral-de-fachada-y-exteriores\/#breadcrumb\"},\"inLanguage\":\"de\",\"potentialAction\":[{\"@type\":\"ReadAction\",\"target\":[\"https:\/\/djgroup.es\/reforma-integral-de-fachada-y-exteriores\/\"]}]},{\"@type\":\"ImageObject\",\"inLanguage\":\"de\",\"@id\":\"https:\/\/djgroup.es\/reforma-integral-de-fachada-y-exteriores\/#primaryimage\",\"url\":\"https:\/\/djgroup.es\/wp-content\/uploads\/2025\/07\/DZ2A9152-scaled.jpg\",\"contentUrl\":\"https:\/\/djgroup.es\/wp-content\/uploads\/2025\/07\/DZ2A9152-scaled.jpg\",\"width\":2560,\"height\":1707},{\"@type\":\"BreadcrumbList\",\"@id\":\"https:\/\/djgroup.es\/reforma-integral-de-fachada-y-exteriores\/#breadcrumb\",\"itemListElement\":[{\"@type\":\"ListItem\",\"position\":1,\"name\":\"Portada\",\"item\":\"https:\/\/djgroup.es\/\"},{\"@type\":\"ListItem\",\"position\":2,\"name\":\"Reforma Integral de fachada y exteriores en Costa de la Calma\"}]},{\"@type\":\"WebSite\",\"@id\":\"https:\/\/djgroup.es\/#website\",\"url\":\"https:\/\/djgroup.es\/\",\"name\":\"Djgroup\",\"description\":\"Nuestra especialidad es la construcci\u00f3n en el sector residencial de obra nueva. Nos encargamos de proyectos de rehabilitacion integral y reformas. como tambien de proyectos realcionados con viviendas unifamiliares\",\"publisher\":{\"@id\":\"https:\/\/djgroup.es\/#organization\"},\"potentialAction\":[{\"@type\":\"SearchAction\",\"target\":{\"@type\":\"EntryPoint\",\"urlTemplate\":\"https:\/\/djgroup.es\/?s={search_term_string}\"},\"query-input\":{\"@type\":\"PropertyValueSpecification\",\"valueRequired\":true,\"valueName\":\"search_term_string\"}}],\"inLanguage\":\"de\"},{\"@type\":\"Organization\",\"@id\":\"https:\/\/djgroup.es\/#organization\",\"name\":\"Djgroup\",\"url\":\"https:\/\/djgroup.es\/\",\"logo\":{\"@type\":\"ImageObject\",\"inLanguage\":\"de\",\"@id\":\"https:\/\/djgroup.es\/#\/schema\/logo\/image\/\",\"url\":\"https:\/\/djgroup.es\/wp-content\/uploads\/2025\/06\/logo.webp\",\"contentUrl\":\"https:\/\/djgroup.es\/wp-content\/uploads\/2025\/06\/logo.webp\",\"width\":797,\"height\":181,\"caption\":\"Djgroup\"},\"image\":{\"@id\":\"https:\/\/djgroup.es\/#\/schema\/logo\/image\/\"},\"sameAs\":[\"https:\/\/www.facebook.com\/profile.php?id=61577641345036&mibextid=wwXIfr\",\"https:\/\/www.instagram.com\/djconstruction_realestate?igsh=aHM4bmYwd2E0d2Nz&utm_source=qr\",\"https:\/\/www.tiktok.com\/@dj.construction.reale?_t=ZN-8xX0L7cMxjq&_r=1\"]},{\"@type\":\"Person\",\"@id\":\"https:\/\/djgroup.es\/#\/schema\/person\/7f3866caed1bda9009034f0949d00806\",\"name\":\"Cristina Lopez\",\"image\":{\"@type\":\"ImageObject\",\"inLanguage\":\"de\",\"@id\":\"https:\/\/djgroup.es\/#\/schema\/person\/image\/\",\"url\":\"https:\/\/secure.gravatar.com\/avatar\/d861a46e23b465505ece029770e387ea517da69734f9c2ed5bd2d5030c83e332?s=96&d=mm&r=g\",\"contentUrl\":\"https:\/\/secure.gravatar.com\/avatar\/d861a46e23b465505ece029770e387ea517da69734f9c2ed5bd2d5030c83e332?s=96&d=mm&r=g\",\"caption\":\"Cristina Lopez\"},\"url\":\"https:\/\/djgroup.es\/de\/author\/administrador\/\"}]}<\/script>\n<!-- \/ Yoast SEO plugin. -->","yoast_head_json":{"title":"Reforma Integral de fachada y exteriores en Costa de la Calma - Djgroup","description":"Reforma integral de fa exteriores.","robots":{"index":"index","follow":"follow","max-snippet":"max-snippet:-1","max-image-preview":"max-image-preview:large","max-video-preview":"max-video-preview:-1"},"canonical":"https:\/\/djgroup.es\/de\/umfassende-sanierung-der-fassade-und-des-ausenbereichs\/","og_locale":"de_DE","og_type":"article","og_title":"Reforma Integral de fachada y exteriores en Costa de la Calma - Djgroup","og_description":"Reforma integral de fa exteriores.","og_url":"https:\/\/djgroup.es\/de\/umfassende-sanierung-der-fassade-und-des-ausenbereichs\/","og_site_name":"Djgroup","article_publisher":"https:\/\/www.facebook.com\/profile.php?id=61577641345036&mibextid=wwXIfr","article_published_time":"2025-04-28T10:02:04+00:00","article_modified_time":"2025-07-30T15:44:30+00:00","og_image":[{"width":2560,"height":1707,"url":"https:\/\/djgroup.es\/wp-content\/uploads\/2025\/07\/DZ2A9152-scaled.jpg","type":"image\/jpeg"}],"author":"Cristina Lopez","twitter_card":"summary_large_image","twitter_misc":{"Verfasst von":"Cristina Lopez","Gesch\u00e4tzte Lesezeit":"5\u00a0Minuten"},"schema":{"@context":"https:\/\/schema.org","@graph":[{"@type":"Article","@id":"https:\/\/djgroup.es\/reforma-integral-de-fachada-y-exteriores\/#article","isPartOf":{"@id":"https:\/\/djgroup.es\/reforma-integral-de-fachada-y-exteriores\/"},"author":{"name":"Cristina Lopez","@id":"https:\/\/djgroup.es\/#\/schema\/person\/7f3866caed1bda9009034f0949d00806"},"headline":"Reforma Integral de fachada y exteriores en Costa de la Calma","datePublished":"2025-04-28T10:02:04+00:00","dateModified":"2025-07-30T15:44:30+00:00","mainEntityOfPage":{"@id":"https:\/\/djgroup.es\/reforma-integral-de-fachada-y-exteriores\/"},"wordCount":380,"publisher":{"@id":"https:\/\/djgroup.es\/#organization"},"image":{"@id":"https:\/\/djgroup.es\/reforma-integral-de-fachada-y-exteriores\/#primaryimage"},"thumbnailUrl":"https:\/\/djgroup.es\/wp-content\/uploads\/2025\/07\/DZ2A9152-scaled.jpg","articleSection":["Proyectos"],"inLanguage":"de"},{"@type":"WebPage","@id":"https:\/\/djgroup.es\/reforma-integral-de-fachada-y-exteriores\/","url":"https:\/\/djgroup.es\/reforma-integral-de-fachada-y-exteriores\/","name":"Reforma Integral de fachada y exteriores en Costa de la Calma - Djgroup","isPartOf":{"@id":"https:\/\/djgroup.es\/#website"},"primaryImageOfPage":{"@id":"https:\/\/djgroup.es\/reforma-integral-de-fachada-y-exteriores\/#primaryimage"},"image":{"@id":"https:\/\/djgroup.es\/reforma-integral-de-fachada-y-exteriores\/#primaryimage"},"thumbnailUrl":"https:\/\/djgroup.es\/wp-content\/uploads\/2025\/07\/DZ2A9152-scaled.jpg","datePublished":"2025-04-28T10:02:04+00:00","dateModified":"2025-07-30T15:44:30+00:00","description":"Reforma integral de fa exteriores.","breadcrumb":{"@id":"https:\/\/djgroup.es\/reforma-integral-de-fachada-y-exteriores\/#breadcrumb"},"inLanguage":"de","potentialAction":[{"@type":"ReadAction","target":["https:\/\/djgroup.es\/reforma-integral-de-fachada-y-exteriores\/"]}]},{"@type":"ImageObject","inLanguage":"de","@id":"https:\/\/djgroup.es\/reforma-integral-de-fachada-y-exteriores\/#primaryimage","url":"https:\/\/djgroup.es\/wp-content\/uploads\/2025\/07\/DZ2A9152-scaled.jpg","contentUrl":"https:\/\/djgroup.es\/wp-content\/uploads\/2025\/07\/DZ2A9152-scaled.jpg","width":2560,"height":1707},{"@type":"BreadcrumbList","@id":"https:\/\/djgroup.es\/reforma-integral-de-fachada-y-exteriores\/#breadcrumb","itemListElement":[{"@type":"ListItem","position":1,"name":"Portada","item":"https:\/\/djgroup.es\/"},{"@type":"ListItem","position":2,"name":"Reforma Integral de fachada y exteriores en Costa de la Calma"}]},{"@type":"WebSite","@id":"https:\/\/djgroup.es\/#website","url":"https:\/\/djgroup.es\/","name":"Djgroup","description":"Nuestra especialidad es la construcci\u00f3n en el sector residencial de obra nueva. Nos encargamos de proyectos de rehabilitacion integral y reformas. como tambien de proyectos realcionados con viviendas unifamiliares","publisher":{"@id":"https:\/\/djgroup.es\/#organization"},"potentialAction":[{"@type":"SearchAction","target":{"@type":"EntryPoint","urlTemplate":"https:\/\/djgroup.es\/?s={search_term_string}"},"query-input":{"@type":"PropertyValueSpecification","valueRequired":true,"valueName":"search_term_string"}}],"inLanguage":"de"},{"@type":"Organization","@id":"https:\/\/djgroup.es\/#organization","name":"Djgroup","url":"https:\/\/djgroup.es\/","logo":{"@type":"ImageObject","inLanguage":"de","@id":"https:\/\/djgroup.es\/#\/schema\/logo\/image\/","url":"https:\/\/djgroup.es\/wp-content\/uploads\/2025\/06\/logo.webp","contentUrl":"https:\/\/djgroup.es\/wp-content\/uploads\/2025\/06\/logo.webp","width":797,"height":181,"caption":"Djgroup"},"image":{"@id":"https:\/\/djgroup.es\/#\/schema\/logo\/image\/"},"sameAs":["https:\/\/www.facebook.com\/profile.php?id=61577641345036&mibextid=wwXIfr","https:\/\/www.instagram.com\/djconstruction_realestate?igsh=aHM4bmYwd2E0d2Nz&utm_source=qr","https:\/\/www.tiktok.com\/@dj.construction.reale?_t=ZN-8xX0L7cMxjq&_r=1"]},{"@type":"Person","@id":"https:\/\/djgroup.es\/#\/schema\/person\/7f3866caed1bda9009034f0949d00806","name":"Cristina Lopez","image":{"@type":"ImageObject","inLanguage":"de","@id":"https:\/\/djgroup.es\/#\/schema\/person\/image\/","url":"https:\/\/secure.gravatar.com\/avatar\/d861a46e23b465505ece029770e387ea517da69734f9c2ed5bd2d5030c83e332?s=96&d=mm&r=g","contentUrl":"https:\/\/secure.gravatar.com\/avatar\/d861a46e23b465505ece029770e387ea517da69734f9c2ed5bd2d5030c83e332?s=96&d=mm&r=g","caption":"Cristina Lopez"},"url":"https:\/\/djgroup.es\/de\/author\/administrador\/"}]}},"acf":[],"_links":{"self":[{"href":"https:\/\/djgroup.es\/de\/wp-json\/wp\/v2\/posts\/1786","targetHints":{"allow":["GET"]}}],"collection":[{"href":"https:\/\/djgroup.es\/de\/wp-json\/wp\/v2\/posts"}],"about":[{"href":"https:\/\/djgroup.es\/de\/wp-json\/wp\/v2\/types\/post"}],"author":[{"embeddable":true,"href":"https:\/\/djgroup.es\/de\/wp-json\/wp\/v2\/users\/2"}],"replies":[{"embeddable":true,"href":"https:\/\/djgroup.es\/de\/wp-json\/wp\/v2\/comments?post=1786"}],"version-history":[{"count":33,"href":"https:\/\/djgroup.es\/de\/wp-json\/wp\/v2\/posts\/1786\/revisions"}],"predecessor-version":[{"id":2039,"href":"https:\/\/djgroup.es\/de\/wp-json\/wp\/v2\/posts\/1786\/revisions\/2039"}],"wp:featuredmedia":[{"embeddable":true,"href":"https:\/\/djgroup.es\/de\/wp-json\/wp\/v2\/media\/1752"}],"wp:attachment":[{"href":"https:\/\/djgroup.es\/de\/wp-json\/wp\/v2\/media?parent=1786"}],"wp:term":[{"taxonomy":"category","embeddable":true,"href":"https:\/\/djgroup.es\/de\/wp-json\/wp\/v2\/categories?post=1786"},{"taxonomy":"post_tag","embeddable":true,"href":"https:\/\/djgroup.es\/de\/wp-json\/wp\/v2\/tags?post=1786"}],"curies":[{"name":"wp","href":"https:\/\/api.w.org\/{rel}","templated":true}]}}